{"id":432,"date":"2025-01-26T15:35:01","date_gmt":"2025-01-26T15:35:01","guid":{"rendered":"https:\/\/srenesto.net\/?p=432"},"modified":"2025-01-26T15:36:35","modified_gmt":"2025-01-26T15:36:35","slug":"macro-sotto-casa-un-cespulgio-di-lavanda","status":"publish","type":"post","link":"https:\/\/srenesto.net\/index.php\/2025\/01\/26\/macro-sotto-casa-un-cespulgio-di-lavanda\/","title":{"rendered":"Macro sotto casa: un cespuglio di Lavanda"},"content":{"rendered":"\n<p>Lo dico sempre, per fare macrofotografia non \u00e8 necessario andare chiss\u00e0 dove, a volte basta un parco cittadino per poter scattare foto interessanti, a volte puoi anche trovare piccole oasi a pochi passi da casa. Vicino casa mia c&#8217;\u00e8 una piccola parrocchia il cui giardino \u00e8 ornato da dei cespugli di lavanda molto frequentati dagli insetti impollinatori. Chiesto il permesso di fotografare, \u00e8 pur sempre propriet\u00e0 privata, mi sono fatto uno &#8220;shooting&#8221; divertente e anche produttivo.<\/p>\n\n\n\n<p>La Lavanda mi piace molto, crea sfondi delicati, dai toni molto belli.<\/p>\n\n\n\n<p>Per prima si \u00e8 presentata la Sfinge del Galio (<em>Macroglossum stellatarum<\/em>), a cui sono (finalmente!) riuscito a fare un buon ritratto. Messa a fuoco sullo stelo di lavanda, raffica veloce: due foto buone su sei.<\/p>\n\n\n\n<figure class=\"wp-block-image size-large\"><img loading=\"lazy\" decoding=\"async\" width=\"1024\" height=\"683\" src=\"https:\/\/srenesto.net\/wp-content\/uploads\/2025\/01\/macroglossasc1lo.jpg.7a967c09c872e03b7e010ab02488d5bf-1024x683.jpg\" alt=\"\" class=\"wp-image-433\" srcset=\"https:\/\/srenesto.net\/wp-content\/uploads\/2025\/01\/macroglossasc1lo.jpg.7a967c09c872e03b7e010ab02488d5bf-1024x683.jpg 1024w, https:\/\/srenesto.net\/wp-content\/uploads\/2025\/01\/macroglossasc1lo.jpg.7a967c09c872e03b7e010ab02488d5bf-300x200.jpg 300w, https:\/\/srenesto.net\/wp-content\/uploads\/2025\/01\/macroglossasc1lo.jpg.7a967c09c872e03b7e010ab02488d5bf-768x512.jpg 768w, https:\/\/srenesto.net\/wp-content\/uploads\/2025\/01\/macroglossasc1lo.jpg.7a967c09c872e03b7e010ab02488d5bf-1536x1024.jpg 1536w, https:\/\/srenesto.net\/wp-content\/uploads\/2025\/01\/macroglossasc1lo.jpg.7a967c09c872e03b7e010ab02488d5bf.jpg 1800w\" sizes=\"auto, (max-width: 1024px) 100vw, 1024px\" \/><\/figure>\n\n\n\n<p>Poi i simpaticissimi Bombi<\/p>\n\n\n\n<figure class=\"wp-block-image size-full\"><img loading=\"lazy\" decoding=\"async\" width=\"1000\" height=\"666\" src=\"https:\/\/srenesto.net\/wp-content\/uploads\/2025\/01\/bumble1lwe.thumb_.jpg.e1ce23d1dd1de2b5ff714f34f646cdc6.jpg\" alt=\"\" class=\"wp-image-434\" srcset=\"https:\/\/srenesto.net\/wp-content\/uploads\/2025\/01\/bumble1lwe.thumb_.jpg.e1ce23d1dd1de2b5ff714f34f646cdc6.jpg 1000w, https:\/\/srenesto.net\/wp-content\/uploads\/2025\/01\/bumble1lwe.thumb_.jpg.e1ce23d1dd1de2b5ff714f34f646cdc6-300x200.jpg 300w, https:\/\/srenesto.net\/wp-content\/uploads\/2025\/01\/bumble1lwe.thumb_.jpg.e1ce23d1dd1de2b5ff714f34f646cdc6-768x511.jpg 768w\" sizes=\"auto, (max-width: 1000px) 100vw, 1000px\" \/><\/figure>\n\n\n\n<p>Il Bombo &#8220;in decollo&#8221;  nella foto sotto non \u00e8 proprio a fuoco , pazienza, per\u00f2 mi sembra un&#8217;immagine delicata.<\/p>\n\n\n\n<figure class=\"wp-block-image size-full\"><img loading=\"lazy\" decoding=\"async\" width=\"1000\" height=\"666\" src=\"https:\/\/srenesto.net\/wp-content\/uploads\/2025\/01\/bumbleflywe.thumb_.jpg.d59d95a4ac04417289ceb68d7e82253a.jpg\" alt=\"\" class=\"wp-image-435\" srcset=\"https:\/\/srenesto.net\/wp-content\/uploads\/2025\/01\/bumbleflywe.thumb_.jpg.d59d95a4ac04417289ceb68d7e82253a.jpg 1000w, https:\/\/srenesto.net\/wp-content\/uploads\/2025\/01\/bumbleflywe.thumb_.jpg.d59d95a4ac04417289ceb68d7e82253a-300x200.jpg 300w, https:\/\/srenesto.net\/wp-content\/uploads\/2025\/01\/bumbleflywe.thumb_.jpg.d59d95a4ac04417289ceb68d7e82253a-768x511.jpg 768w\" sizes=\"auto, (max-width: 1000px) 100vw, 1000px\" \/><\/figure>\n\n\n\n<p>Una Cavolaia (<em>Pieris brassicae<\/em>), farfalla discreta, non sgargiante, ma comunque ha una sua bellezza (in ombra, luce naturale).<\/p>\n\n\n\n<figure class=\"wp-block-image size-full\"><img loading=\"lazy\" decoding=\"async\" width=\"1000\" height=\"665\" src=\"https:\/\/srenesto.net\/wp-content\/uploads\/2025\/01\/cavolaia1lo.thumb_.jpg.71c9c40afef88ada2fb87d5f8b022439.jpg\" alt=\"\" class=\"wp-image-436\" srcset=\"https:\/\/srenesto.net\/wp-content\/uploads\/2025\/01\/cavolaia1lo.thumb_.jpg.71c9c40afef88ada2fb87d5f8b022439.jpg 1000w, https:\/\/srenesto.net\/wp-content\/uploads\/2025\/01\/cavolaia1lo.thumb_.jpg.71c9c40afef88ada2fb87d5f8b022439-300x200.jpg 300w, https:\/\/srenesto.net\/wp-content\/uploads\/2025\/01\/cavolaia1lo.thumb_.jpg.71c9c40afef88ada2fb87d5f8b022439-768x511.jpg 768w\" sizes=\"auto, (max-width: 1000px) 100vw, 1000px\" \/><\/figure>\n\n\n\n<p>Mi sembra si chiamino &#8220;Api cardatrici&#8221;. Forse meno carine del Bombo, ma interessanti. Cos\u00ec chiamate perch\u00e8 &#8220;cardano&#8221;, cio\u00e8 grattano, la superficie delle foglie per ottenere il materiale con cui tappezzare il nido e nutrire le larve.<\/p>\n\n\n\n<figure class=\"wp-block-image size-full\"><img loading=\"lazy\" decoding=\"async\" width=\"499\" height=\"750\" src=\"https:\/\/srenesto.net\/wp-content\/uploads\/2025\/01\/masonbeelo.thumb_.jpg.b26fdf669bd88e8dc8f20a92308e391b.jpg\" alt=\"\" class=\"wp-image-437\" srcset=\"https:\/\/srenesto.net\/wp-content\/uploads\/2025\/01\/masonbeelo.thumb_.jpg.b26fdf669bd88e8dc8f20a92308e391b.jpg 499w, https:\/\/srenesto.net\/wp-content\/uploads\/2025\/01\/masonbeelo.thumb_.jpg.b26fdf669bd88e8dc8f20a92308e391b-200x300.jpg 200w\" sizes=\"auto, (max-width: 499px) 100vw, 499px\" \/><\/figure>\n\n\n\n<p>Sono api solitarie, i maschi controllano un territorio da cui cacciano via non solo gli altri maschi della loro specie, ma anche tutti gli altri insetti impollinatori; \u00e8 buffissimo vederli mentre si lanciano dritti come missili contro i Bombi (grossi il doppio di loro) prendendoli a testate.<\/p>\n\n\n\n<p>Le femmine invece sono tollerate anzi, ne approfittano con gran foga appena queste si distraggono a succhiare il nettare!<\/p>\n\n\n\n<figure class=\"wp-block-image size-full\"><img loading=\"lazy\" decoding=\"async\" width=\"498\" height=\"750\" src=\"https:\/\/srenesto.net\/wp-content\/uploads\/2025\/01\/masonbeecoplingwe.thumb_.jpg.8a5ea1a1c035ffb3df02da72b2458b63.jpg\" alt=\"\" class=\"wp-image-438\" srcset=\"https:\/\/srenesto.net\/wp-content\/uploads\/2025\/01\/masonbeecoplingwe.thumb_.jpg.8a5ea1a1c035ffb3df02da72b2458b63.jpg 498w, https:\/\/srenesto.net\/wp-content\/uploads\/2025\/01\/masonbeecoplingwe.thumb_.jpg.8a5ea1a1c035ffb3df02da72b2458b63-199x300.jpg 199w\" sizes=\"auto, (max-width: 498px) 100vw, 498px\" \/><\/figure>\n\n\n\n<p>Tutto qui, un&#8217;ora e mezza di pura ricreazione, ma creativa.<\/p>\n\n\n\n<p>Per gli interessati, ai tempi avevo la nikon Z6, il 24-200 a 200mm con lente addizionale e\/o tubo di prolunga ed il 300mm f4 pf con TC 14 EIII, oppure con lente addizionale e\/o tubo di prolunga. tempi di 1\/1000-1\/1250s, f8-11, Auto ISO. Qualche ritaglio Fx-Dx.<\/p>\n\n\n\n<p><\/p>\n","protected":false},"excerpt":{"rendered":"<p>Lo dico sempre, per fare macrofotografia non \u00e8 necessario andare chiss\u00e0 dove, a volte basta un parco cittadino per poter scattare foto interessanti, a volte puoi anche trovare piccole oasi a pochi passi da casa. Vicino casa mia c&#8217;\u00e8 una piccola parrocchia il cui giardino \u00e8 ornato da dei cespugli di lavanda molto frequentati dagli [&hellip;]<\/p>\n","protected":false},"author":1,"featured_media":436,"comment_status":"closed","ping_status":"open","sticky":false,"template":"","format":"standard","meta":{"site-container-style":"default","site-container-layout":"default","site-sidebar-layout":"default","disable-article-header":"default","disable-site-header":"default","disable-site-footer":"default","disable-content-area-spacing":"default","footnotes":""},"categories":[1,4,17,29],"tags":[9,15,39,40,20,41,42,12],"class_list":["post-432","post","type-post","status-publish","format-standard","has-post-thumbnail","hentry","category-blog","category-fotografia-photography","category-macrofotografia","category-wildlife","tag-fotografia","tag-fotografia-naturalistica","tag-insetti","tag-macro","tag-macrofotografia","tag-nikon","tag-nikon-z6","tag-wildlife-photography"],"_links":{"self":[{"href":"https:\/\/srenesto.net\/index.php\/wp-json\/wp\/v2\/posts\/432","targetHints":{"allow":["GET"]}}],"collection":[{"href":"https:\/\/srenesto.net\/index.php\/wp-json\/wp\/v2\/posts"}],"about":[{"href":"https:\/\/srenesto.net\/index.php\/wp-json\/wp\/v2\/types\/post"}],"author":[{"embeddable":true,"href":"https:\/\/srenesto.net\/index.php\/wp-json\/wp\/v2\/users\/1"}],"replies":[{"embeddable":true,"href":"https:\/\/srenesto.net\/index.php\/wp-json\/wp\/v2\/comments?post=432"}],"version-history":[{"count":2,"href":"https:\/\/srenesto.net\/index.php\/wp-json\/wp\/v2\/posts\/432\/revisions"}],"predecessor-version":[{"id":440,"href":"https:\/\/srenesto.net\/index.php\/wp-json\/wp\/v2\/posts\/432\/revisions\/440"}],"wp:featuredmedia":[{"embeddable":true,"href":"https:\/\/srenesto.net\/index.php\/wp-json\/wp\/v2\/media\/436"}],"wp:attachment":[{"href":"https:\/\/srenesto.net\/index.php\/wp-json\/wp\/v2\/media?parent=432"}],"wp:term":[{"taxonomy":"category","embeddable":true,"href":"https:\/\/srenesto.net\/index.php\/wp-json\/wp\/v2\/categories?post=432"},{"taxonomy":"post_tag","embeddable":true,"href":"https:\/\/srenesto.net\/index.php\/wp-json\/wp\/v2\/tags?post=432"}],"curies":[{"name":"wp","href":"https:\/\/api.w.org\/{rel}","templated":true}]}}